{"id":6794,"date":"2025-05-25T19:14:47","date_gmt":"2025-05-25T17:14:47","guid":{"rendered":"https:\/\/elan-handiloisirs.fr\/wp\/?p=6794"},"modified":"2025-07-06T19:21:10","modified_gmt":"2025-07-06T17:21:10","slug":"elan-au-village-du-raid-handifort-2","status":"publish","type":"post","link":"https:\/\/elan-handiloisirs.fr\/wp\/2025\/05\/elan-au-village-du-raid-handifort-2\/","title":{"rendered":"ELAN au village du raid handi&#8217;forts"},"content":{"rendered":"\n<p>B\u00e9atrice, Marie, Bruno et G\u00e9rard ont pr\u00e9sent\u00e9 les activit\u00e9s d&#8217;ELAN sur le village du raid \u00e0 Besan\u00e7on. Ils ont pu applaudir Caroline, Zeynep et Julien et leurs \u00e9quipes lors de leurs arriv\u00e9es  apr\u00e8s 2 jours d&#8217;activit\u00e9s intenses . Christophe \u00e9tait  b\u00e9n\u00e9vole dans l&#8217;\u00e9quipe restauration , Alain, Enzo et Fran\u00e7oise \u00e9taient eux \u00e0 la s\u00e9curit\u00e9.<\/p>\n","protected":false},"excerpt":{"rendered":"<p>B\u00e9atrice, Marie, Bruno et G\u00e9rard ont pr\u00e9sent\u00e9 les activit\u00e9s d&#8217;ELAN sur le village du raid \u00e0 Besan\u00e7on. Ils ont pu applaudir Caroline, Zeynep et Julien et leurs \u00e9quipes lors de leurs arriv\u00e9es apr\u00e8s 2 jours d&#8217;activit\u00e9s intenses . Christophe \u00e9tait b\u00e9n\u00e9vole dans l&#8217;\u00e9quipe restauration , Alain, Enzo et Fran\u00e7oise \u00e9taient eux \u00e0 la s\u00e9curit\u00e9.<\/p>\n","protected":false},"author":1,"featured_media":0,"comment_status":"closed","ping_status":"open","sticky":false,"template":"","format":"standard","meta":{"ngg_post_thumbnail":0,"_jetpack_memberships_contains_paid_content":false,"footnotes":"","jetpack_publicize_message":"","jetpack_publicize_feature_enabled":true,"jetpack_social_post_already_shared":true,"jetpack_social_options":{"image_generator_settings":{"template":"highway","default_image_id":0,"font":"","enabled":false},"version":2}},"categories":[35,1],"tags":[],"class_list":["post-6794","post","type-post","status-publish","format-standard","hentry","category-handicap","category-handiloisir"],"jetpack_publicize_connections":[],"jetpack_featured_media_url":"","jetpack_sharing_enabled":true,"_links":{"self":[{"href":"https:\/\/elan-handiloisirs.fr\/wp\/wp-json\/wp\/v2\/posts\/6794","targetHints":{"allow":["GET"]}}],"collection":[{"href":"https:\/\/elan-handiloisirs.fr\/wp\/wp-json\/wp\/v2\/posts"}],"about":[{"href":"https:\/\/elan-handiloisirs.fr\/wp\/wp-json\/wp\/v2\/types\/post"}],"author":[{"embeddable":true,"href":"https:\/\/elan-handiloisirs.fr\/wp\/wp-json\/wp\/v2\/users\/1"}],"replies":[{"embeddable":true,"href":"https:\/\/elan-handiloisirs.fr\/wp\/wp-json\/wp\/v2\/comments?post=6794"}],"version-history":[{"count":3,"href":"https:\/\/elan-handiloisirs.fr\/wp\/wp-json\/wp\/v2\/posts\/6794\/revisions"}],"predecessor-version":[{"id":6797,"href":"https:\/\/elan-handiloisirs.fr\/wp\/wp-json\/wp\/v2\/posts\/6794\/revisions\/6797"}],"wp:attachment":[{"href":"https:\/\/elan-handiloisirs.fr\/wp\/wp-json\/wp\/v2\/media?parent=6794"}],"wp:term":[{"taxonomy":"category","embeddable":true,"href":"https:\/\/elan-handiloisirs.fr\/wp\/wp-json\/wp\/v2\/categories?post=6794"},{"taxonomy":"post_tag","embeddable":true,"href":"https:\/\/elan-handiloisirs.fr\/wp\/wp-json\/wp\/v2\/tags?post=6794"}],"curies":[{"name":"wp","href":"https:\/\/api.w.org\/{rel}","templated":true}]}}